{"id":298,"date":"2019-01-16T16:50:27","date_gmt":"2019-01-16T16:50:27","guid":{"rendered":"http:\/\/bi-wehraecker.de\/?p=298"},"modified":"2019-01-16T16:50:27","modified_gmt":"2019-01-16T16:50:27","slug":"%c2%a713b-baugb-b-plan-der-innenentwicklung-im-aussenbereich","status":"publish","type":"post","link":"http:\/\/bi-wehraecker.de\/?p=298","title":{"rendered":"\u00a713b BauGB: B-Plan der Innenentwicklung im Aussenbereich"},"content":{"rendered":"\n<p>Dr. Johannes Hartl <a href=\"https:\/\/www.stadtgrenze.de\/s\/bbg\/2017\/13b-01.htm#faa\">https:\/\/www.stadtgrenze.de\/s\/bbg\/2017\/13b-01.htm#faa<\/a>:  <br>Der B-Plan nach \u00a7 13b BauGB erm\u00f6glicht das Bauen im Au\u00dfenbe\u00adreich nach Innenbereichs-Privilegien, sofern er an den im Zusam\u00admenhang bebauten Bereich anschlie\u00dft. Er erm\u00f6glicht nur Woh\u00adnungsbau, und ist bis Ende 2019 (Aufstellungsbeschluss) bzw. Ende 2021 (Festsetzungsbeschluss) befristet. Die Einf\u00fchrung des \u00a7 13b ins Baugesetzbuch (BauGB) im Mai 2017 ist vielleicht die gr\u00f6\u00dfte Katastrophe f\u00fcr die deutsche Siedlungs\u00adlandschaft seit Ein\u00adf\u00fchrung des Bundesbaugesetzes 1960. Er unterl\u00e4uft alle Anstren\u00adgun\u00adgen st\u00e4dtebaulicher Ordnung, und er \u00fcbertrifft alle bisherigen, sachlich &#8211; mehr oder weniger &#8211; begr\u00fcndeten Beschleunigungs- und Erleichterungsnovellen in BBauG und BauGB. <\/p>\n\n\n\n<p> Die Einf\u00fchrung des \u00a7 13b l\u00e4uft<strong> kontr\u00e4r zu<\/strong> seit Jahren verinnerlichten Bestrebungen zur Innenentwicklung, zur <strong>Erhal\u00adtung und Erneuerung inner\u00f6rtlicher Bausubstanz und zum<\/strong> <strong>Fl\u00e4chensparen.<\/strong> Die Schonung des Au\u00dfenbereichs, vor allem auch wegen der steigenden Anspr\u00fcche an den Au\u00dfenbereich als Erholungsraum, ger\u00e4t ins Hintertreffen.\u00a0 <\/p>\n\n\n\n<h2><strong>Nicht nur wir von der B\u00fcrgerinitiative &#8222;Wehr\u00e4cker&#8220; sind gegen die Anwendung von \u00a713b BauGB: <\/strong><\/h2>\n\n\n<h4>Beschwerde bei der EU gegen den \u00a7 13b<a name=\"uvp\"><\/a><\/h4>\n<p>Zwischenzeitlich liegt mit Datum vom 15.9.2017 auch eine &#8222;Beschwerde wegen Versto\u00df gegen das EU-Recht&#8220; der UVP-Gesellschaft e.V. vor (Gesellschaft f\u00fcr die Pr\u00fcfung der Umweltvertr\u00e4glichkeit; Sitz Paderborn). Diese bei beim Generalsekretariat der Euro\u00e4pischen Kommission eingereichte Beschwerde wird von folgenden Organisationen unterst\u00fctzt: Bund Deutscher Landschaftsarchitekten (bdla), Bund f\u00fcr Umwelt und Naturschutz Deutschland e.V. (BUND), Deutscher Naturschutzring e.V. (DNR), Bundesverband Beruflicher Naturschutz e.V. (BBN), Naturschutz\u00adbund Deutschland e.V. (NABU), Vereinigung f\u00fcr Stadt-, Regional- und Landesplanung e.V. (SRL). Download unter<br \/><a class=\"zext\" href=\"http:\/\/www.uvp.de\/de\/alle-news-uvp-recht\/964-eu-beschwerde-baugb\" target=\"_blank\" rel=\"noopener\">\u00a0 \u00a0\u00a0<\/a><a href=\"http:\/\/www.uvp.de\/de\/alle-news-uvp-recht\/964-eu-beschwerde-baugb\" target=\"_blank\" rel=\"noopener\">www.uvp.de\/de\/alle-news-uvp-recht\/964-eu-beschwerde-baugb<\/a>.<\/p>\n\n\n<p><\/p>\n\t\t<div class=\"wpulike wpulike-default \" ><div class=\"wp_ulike_general_class wp_ulike_is_not_liked\"><button type=\"button\"\n\t\t\t\t\tdata-ulike-id=\"298\"\n\t\t\t\t\tdata-ulike-nonce=\"5513b25637\"\n\t\t\t\t\tdata-ulike-type=\"likeThis\"\n\t\t\t\t\tdata-ulike-status=\"1\" class=\"wp_ulike_btn wp_ulike_put_image wp_likethis_298\"><\/button><span class=\"count-box\">0<\/span>\t\t\t<\/div><\/div>\n\t","protected":false},"excerpt":{"rendered":"<p>Dr. Johannes Hartl https:\/\/www.stadtgrenze.de\/s\/bbg\/2017\/13b-01.htm#faa: Der B-Plan nach \u00a7 13b BauGB erm\u00f6glicht das Bauen im Au\u00dfenbe\u00adreich nach Innenbereichs-Privilegien, sofern er an den im Zusam\u00admenhang bebauten Bereich&#8230;<\/p>\n","protected":false},"author":1,"featured_media":0,"comment_status":"open","ping_status":"closed","sticky":false,"template":"","format":"standard","meta":[],"categories":[8,7],"tags":[],"_links":{"self":[{"href":"http:\/\/bi-wehraecker.de\/index.php?rest_route=\/wp\/v2\/posts\/298"}],"collection":[{"href":"http:\/\/bi-wehraecker.de\/index.php?rest_route=\/wp\/v2\/posts"}],"about":[{"href":"http:\/\/bi-wehraecker.de\/index.php?rest_route=\/wp\/v2\/types\/post"}],"author":[{"embeddable":true,"href":"http:\/\/bi-wehraecker.de\/index.php?rest_route=\/wp\/v2\/users\/1"}],"replies":[{"embeddable":true,"href":"http:\/\/bi-wehraecker.de\/index.php?rest_route=%2Fwp%2Fv2%2Fcomments&post=298"}],"version-history":[{"count":1,"href":"http:\/\/bi-wehraecker.de\/index.php?rest_route=\/wp\/v2\/posts\/298\/revisions"}],"predecessor-version":[{"id":299,"href":"http:\/\/bi-wehraecker.de\/index.php?rest_route=\/wp\/v2\/posts\/298\/revisions\/299"}],"wp:attachment":[{"href":"http:\/\/bi-wehraecker.de\/index.php?rest_route=%2Fwp%2Fv2%2Fmedia&parent=298"}],"wp:term":[{"taxonomy":"category","embeddable":true,"href":"http:\/\/bi-wehraecker.de\/index.php?rest_route=%2Fwp%2Fv2%2Fcategories&post=298"},{"taxonomy":"post_tag","embeddable":true,"href":"http:\/\/bi-wehraecker.de\/index.php?rest_route=%2Fwp%2Fv2%2Ftags&post=298"}],"curies":[{"name":"wp","href":"https:\/\/api.w.org\/{rel}","templated":true}]}}