{"id":521,"date":"2019-05-08T14:53:28","date_gmt":"2019-05-08T14:53:28","guid":{"rendered":"http:\/\/bi-wehraecker.de\/?p=521"},"modified":"2019-06-19T07:10:49","modified_gmt":"2019-06-19T07:10:49","slug":"protest-zu-einer-skandaloesen-gemeindepolitik-in-abstatt","status":"publish","type":"post","link":"http:\/\/bi-wehraecker.de\/?p=521","title":{"rendered":"Protest gegen eine Politik von Gestern!"},"content":{"rendered":"\n<p>B\u00fcrgerbeteiligung ist in Abstatt im Gegensatz zu vielen Gemeinden des Umlandes noch nicht etabliert.  Dazu geh\u00f6rt es  auch, dass B\u00fcrger im Vorfeld von Ma\u00dfnahmen mehr einbezogen werden.<\/p>\n\n\n\n<p><strong>&#8222;Die Landesregierung macht Baden-W\u00fcrttemberg zum Musterland von lebendiger Demokratie und B\u00fcrgerbeteiligung. An unserer Demokratie sollen mehr Menschen teilhaben. B\u00fcrgerbeteiligung soll die Regel sein und nicht die Ausnahme.&#8220; (<\/strong><a rel=\"noreferrer noopener\" aria-label=\" (\u00f6ffnet in neuem Tab)\" href=\"https:\/\/www.baden-wuerttemberg.de\/de\/bw-gestalten\/buergernahes-baden-wuerttemberg\/demokratie-buergerbeteiligung\/\" target=\"_blank\">https:\/\/www.baden-wuerttemberg.de\/de\/bw-gestalten\/buergernahes-baden-wuerttemberg\/demokratie-buergerbeteiligung\/<\/a><strong>)<\/strong><\/p>\n\n\n\n<p>Erneut soll die Anh\u00f6rung unfair einseitig gestaltet werden &#8211; trotz unseres Widerspruchs und Protests zu diesem Verfahren bereits beim ersten B\u00fcrgerbegehren. <\/p>\n\t\t<div class=\"wpulike wpulike-default \" ><div class=\"wp_ulike_general_class wp_ulike_is_not_liked\"><button type=\"button\"\n\t\t\t\t\tdata-ulike-id=\"521\"\n\t\t\t\t\tdata-ulike-nonce=\"1c0cc4b004\"\n\t\t\t\t\tdata-ulike-type=\"likeThis\"\n\t\t\t\t\tdata-ulike-status=\"1\" class=\"wp_ulike_btn wp_ulike_put_image wp_likethis_521\"><\/button><span class=\"count-box\">1+<\/span>\t\t\t<\/div><\/div>\n\t","protected":false},"excerpt":{"rendered":"<p>B\u00fcrgerbeteiligung ist in Abstatt im Gegensatz zu vielen Gemeinden des Umlandes noch nicht etabliert. Dazu geh\u00f6rt es auch, dass B\u00fcrger im Vorfeld von Ma\u00dfnahmen mehr&#8230;<\/p>\n","protected":false},"author":1,"featured_media":0,"comment_status":"open","ping_status":"closed","sticky":true,"template":"","format":"standard","meta":[],"categories":[1],"tags":[],"_links":{"self":[{"href":"http:\/\/bi-wehraecker.de\/index.php?rest_route=\/wp\/v2\/posts\/521"}],"collection":[{"href":"http:\/\/bi-wehraecker.de\/index.php?rest_route=\/wp\/v2\/posts"}],"about":[{"href":"http:\/\/bi-wehraecker.de\/index.php?rest_route=\/wp\/v2\/types\/post"}],"author":[{"embeddable":true,"href":"http:\/\/bi-wehraecker.de\/index.php?rest_route=\/wp\/v2\/users\/1"}],"replies":[{"embeddable":true,"href":"http:\/\/bi-wehraecker.de\/index.php?rest_route=%2Fwp%2Fv2%2Fcomments&post=521"}],"version-history":[{"count":4,"href":"http:\/\/bi-wehraecker.de\/index.php?rest_route=\/wp\/v2\/posts\/521\/revisions"}],"predecessor-version":[{"id":529,"href":"http:\/\/bi-wehraecker.de\/index.php?rest_route=\/wp\/v2\/posts\/521\/revisions\/529"}],"wp:attachment":[{"href":"http:\/\/bi-wehraecker.de\/index.php?rest_route=%2Fwp%2Fv2%2Fmedia&parent=521"}],"wp:term":[{"taxonomy":"category","embeddable":true,"href":"http:\/\/bi-wehraecker.de\/index.php?rest_route=%2Fwp%2Fv2%2Fcategories&post=521"},{"taxonomy":"post_tag","embeddable":true,"href":"http:\/\/bi-wehraecker.de\/index.php?rest_route=%2Fwp%2Fv2%2Ftags&post=521"}],"curies":[{"name":"wp","href":"https:\/\/api.w.org\/{rel}","templated":true}]}}