{"id":556,"date":"2020-06-16T13:05:56","date_gmt":"2020-06-16T13:05:56","guid":{"rendered":"http:\/\/bi-wehraecker.de\/?p=556"},"modified":"2020-06-16T13:05:57","modified_gmt":"2020-06-16T13:05:57","slug":"neues-aus-den-wehraeckern","status":"publish","type":"post","link":"http:\/\/bi-wehraecker.de\/?p=556","title":{"rendered":"Neues aus den Wehr\u00e4ckern"},"content":{"rendered":"\n<p>Nachdem der ersten Versuch im Februar, der mehrheitlich vom Gemeinderat zur\u00fcckgewiesen wurde, wird im Juni erneut ein Entwurf f\u00fcr eine \u00c4nderung des Fl\u00e4chennutzungsplans und eine Aufnahme des Gebietes &#8222;Wehr\u00e4cker&#8220; vorgelegt.<\/p>\n\n\n\n<figure class=\"wp-block-image\"><img loading=\"lazy\" width=\"960\" height=\"720\" src=\"http:\/\/bi-wehraecker.de\/wp-content\/uploads\/2020\/06\/Gebiet_Wehraecker_Planung_20200616.jpg\" alt=\"\" class=\"wp-image-557\" srcset=\"http:\/\/bi-wehraecker.de\/wp-content\/uploads\/2020\/06\/Gebiet_Wehraecker_Planung_20200616.jpg 960w, http:\/\/bi-wehraecker.de\/wp-content\/uploads\/2020\/06\/Gebiet_Wehraecker_Planung_20200616-300x225.jpg 300w, http:\/\/bi-wehraecker.de\/wp-content\/uploads\/2020\/06\/Gebiet_Wehraecker_Planung_20200616-768x576.jpg 768w\" sizes=\"(max-width: 960px) 100vw, 960px\" \/><\/figure>\n\n\n\n<p><strong>Dieser neue Plan enth\u00e4lt jedoch wieder grobe Fehler:<\/strong><\/p>\n\n\n\n<ol><li>Das Industriegebiet Chemotechnik (Industrie) soll erweitert werden inmitten einer Wohnbebauung (obwohl die Firma selbst keine Erweiterung anstrebt!)<\/li><li>Die bestehende Schreinerei wird als Gr\u00fcnfl\u00e4che geplant<\/li><li>die geplante Erschliessungsstrasse l\u00e4uft mitten durch bestehende Geb\u00e4ude, die erst renoviert und ausgebaut wurden und weitere betroffenen Grundst\u00fcckseigent\u00fcmer einen Verkauf landwirtschaftlich genutzter Fl\u00e4chen zugunsten einer Strasse ausschlie\u00dfen.<\/li><\/ol>\n\n\n\n<p>Diese nun schon zum zweiten mal vorgelegte Erweiterung des Industriegebietes und der nicht realisierbaren Strasse l\u00e4sst nur einen Schluss zu: <strong>Der Plan soll gar nicht umgesetzt werden<\/strong> sondern dient einzig und alleine als Alibi f\u00fcr eine Realisierung der 11 Baupl\u00e4tze in den Wehr\u00e4ckern durch die Hintert\u00fcr. Die Zusage anl\u00e4sslich des B\u00fcrgerentscheids &#8222;es werde eine sorgf\u00e4ltige und nachhaltige Planung erfolgen&#8220; soll so umgangen werden. Anders ist der Vorschlag von Verwaltung und Ingenieurb\u00fcro anl\u00e4sslich der GR Sitzung im Februar nicht zu verstehen &#8222;doch erst mal mit den 11 Baupl\u00e4tzen in den Wehr\u00e4ckern zu beginnen&#8220; und dann nach einer Gesamtl\u00f6sung zu suchen. <strong>Konsequenterweise hat der Gemeinderat diesem versuchten Wortbruch eine Absage erteilt!<\/strong><\/p>\n\n\n\n<p><strong>Dies muss bei dem neuerlichen Vorschlag wieder passieren. Wir sind gespannt&#8230;..  <\/strong><\/p>\n\t\t<div class=\"wpulike wpulike-default \" ><div class=\"wp_ulike_general_class wp_ulike_is_not_liked\"><button type=\"button\"\n\t\t\t\t\tdata-ulike-id=\"556\"\n\t\t\t\t\tdata-ulike-nonce=\"b0382ae34c\"\n\t\t\t\t\tdata-ulike-type=\"likeThis\"\n\t\t\t\t\tdata-ulike-status=\"1\" class=\"wp_ulike_btn wp_ulike_put_image wp_likethis_556\"><\/button><span class=\"count-box\">0<\/span>\t\t\t<\/div><\/div>\n\t","protected":false},"excerpt":{"rendered":"<p>Nachdem der ersten Versuch im Februar, der mehrheitlich vom Gemeinderat zur\u00fcckgewiesen wurde, wird im Juni erneut ein Entwurf f\u00fcr eine \u00c4nderung des Fl\u00e4chennutzungsplans und eine&#8230;<\/p>\n","protected":false},"author":1,"featured_media":0,"comment_status":"open","ping_status":"closed","sticky":true,"template":"","format":"standard","meta":[],"categories":[1,7],"tags":[],"_links":{"self":[{"href":"http:\/\/bi-wehraecker.de\/index.php?rest_route=\/wp\/v2\/posts\/556"}],"collection":[{"href":"http:\/\/bi-wehraecker.de\/index.php?rest_route=\/wp\/v2\/posts"}],"about":[{"href":"http:\/\/bi-wehraecker.de\/index.php?rest_route=\/wp\/v2\/types\/post"}],"author":[{"embeddable":true,"href":"http:\/\/bi-wehraecker.de\/index.php?rest_route=\/wp\/v2\/users\/1"}],"replies":[{"embeddable":true,"href":"http:\/\/bi-wehraecker.de\/index.php?rest_route=%2Fwp%2Fv2%2Fcomments&post=556"}],"version-history":[{"count":1,"href":"http:\/\/bi-wehraecker.de\/index.php?rest_route=\/wp\/v2\/posts\/556\/revisions"}],"predecessor-version":[{"id":558,"href":"http:\/\/bi-wehraecker.de\/index.php?rest_route=\/wp\/v2\/posts\/556\/revisions\/558"}],"wp:attachment":[{"href":"http:\/\/bi-wehraecker.de\/index.php?rest_route=%2Fwp%2Fv2%2Fmedia&parent=556"}],"wp:term":[{"taxonomy":"category","embeddable":true,"href":"http:\/\/bi-wehraecker.de\/index.php?rest_route=%2Fwp%2Fv2%2Fcategories&post=556"},{"taxonomy":"post_tag","embeddable":true,"href":"http:\/\/bi-wehraecker.de\/index.php?rest_route=%2Fwp%2Fv2%2Ftags&post=556"}],"curies":[{"name":"wp","href":"https:\/\/api.w.org\/{rel}","templated":true}]}}