{"id":560,"date":"2020-11-20T08:50:32","date_gmt":"2020-11-20T08:50:32","guid":{"rendered":"http:\/\/bi-wehraecker.de\/?p=560"},"modified":"2020-11-20T08:55:23","modified_gmt":"2020-11-20T08:55:23","slug":"560","status":"publish","type":"post","link":"http:\/\/bi-wehraecker.de\/?p=560","title":{"rendered":"Aus dem Gemeinderat:"},"content":{"rendered":"\n<h2><strong>Fl\u00e4chenfra\u00df in Abstatt ungebremst<\/strong><\/h2>\n\n\n\n<p>\n\nWeiterer Fl\u00e4chenfra\u00df in Abstatt von Gemeinderat mit einer Gegenstimme geplant. Nutzt das Recht zum Einspruch. Nachfolgend ein Leserbrief zum Thema &#8222;4,9 Hektar neue Gewerbefl\u00e4che in Abstatt&#8220;:Die berechtigten Bedenken der Offenen Gr\u00fcnen B\u00fcrgerliste (OGB) im Gemeinderat blieben unerw\u00e4hnt. Abstatt ist die am dichtesten bebaute Gemeinde im weiten Umkreis und trotzdem soll \u201eFl\u00e4chenfra\u00df f\u00fcr Industrie- und Wohnbau um jeden Preis\u201c betrieben werden!? Abstatter B\u00fcrger bezahlen f\u00fcr das geplante Gewerbegebiet fast 500.000 Euro f\u00fcr \u00f6kologische Aufwertungen in anderen Gemeinden. Der Zukauf dieser \u00d6kopunkte ist notwendig, weil Abstatt \u00fcber keine ausreichenden Potentiale in Natur und Umwelt mehr verf\u00fcgt \u2013 dies sollte sehr zu Denken geben. Es werden landwirtschaftliche Fl\u00e4chen zerst\u00f6rt und ortsans\u00e4ssigen Landwirten weitere Fl\u00e4chen entzogen. Und NEIN: Wichtige Abw\u00e4gungen sind weder \u00fcberholt noch ausreichend ber\u00fccksichtigt. 2 Beispiele: Landwirten kann keine vergleichbare Ausgleichsfl\u00e4che angeboten werden und die Bedenken vom LNV\/NABU zur ausgedehnten Fl\u00e4chenversiegelung in Abstatt werden ignoriert. Einspr\u00fcche der B\u00fcrger sind weiterhin m\u00f6glich, um umweltbewusster Entwicklung Platz zu machen.\n\n<\/p>\n\t\t<div class=\"wpulike wpulike-default \" ><div class=\"wp_ulike_general_class wp_ulike_is_not_liked\"><button type=\"button\"\n\t\t\t\t\tdata-ulike-id=\"560\"\n\t\t\t\t\tdata-ulike-nonce=\"4393138973\"\n\t\t\t\t\tdata-ulike-type=\"likeThis\"\n\t\t\t\t\tdata-ulike-status=\"1\" class=\"wp_ulike_btn wp_ulike_put_image wp_likethis_560\"><\/button><span class=\"count-box\">0<\/span>\t\t\t<\/div><\/div>\n\t","protected":false},"excerpt":{"rendered":"<p>Fl\u00e4chenfra\u00df in Abstatt ungebremst Weiterer Fl\u00e4chenfra\u00df in Abstatt von Gemeinderat mit einer Gegenstimme geplant. Nutzt das Recht zum Einspruch. Nachfolgend ein Leserbrief zum Thema &#8222;4,9&#8230;<\/p>\n","protected":false},"author":1,"featured_media":0,"comment_status":"open","ping_status":"closed","sticky":true,"template":"","format":"standard","meta":[],"categories":[1,12],"tags":[],"_links":{"self":[{"href":"http:\/\/bi-wehraecker.de\/index.php?rest_route=\/wp\/v2\/posts\/560"}],"collection":[{"href":"http:\/\/bi-wehraecker.de\/index.php?rest_route=\/wp\/v2\/posts"}],"about":[{"href":"http:\/\/bi-wehraecker.de\/index.php?rest_route=\/wp\/v2\/types\/post"}],"author":[{"embeddable":true,"href":"http:\/\/bi-wehraecker.de\/index.php?rest_route=\/wp\/v2\/users\/1"}],"replies":[{"embeddable":true,"href":"http:\/\/bi-wehraecker.de\/index.php?rest_route=%2Fwp%2Fv2%2Fcomments&post=560"}],"version-history":[{"count":3,"href":"http:\/\/bi-wehraecker.de\/index.php?rest_route=\/wp\/v2\/posts\/560\/revisions"}],"predecessor-version":[{"id":563,"href":"http:\/\/bi-wehraecker.de\/index.php?rest_route=\/wp\/v2\/posts\/560\/revisions\/563"}],"wp:attachment":[{"href":"http:\/\/bi-wehraecker.de\/index.php?rest_route=%2Fwp%2Fv2%2Fmedia&parent=560"}],"wp:term":[{"taxonomy":"category","embeddable":true,"href":"http:\/\/bi-wehraecker.de\/index.php?rest_route=%2Fwp%2Fv2%2Fcategories&post=560"},{"taxonomy":"post_tag","embeddable":true,"href":"http:\/\/bi-wehraecker.de\/index.php?rest_route=%2Fwp%2Fv2%2Ftags&post=560"}],"curies":[{"name":"wp","href":"https:\/\/api.w.org\/{rel}","templated":true}]}}